{"id":121,"date":"2019-01-25T16:18:47","date_gmt":"2019-01-25T16:18:47","guid":{"rendered":"http:\/\/paju.org\/?p=121"},"modified":"2022-03-02T15:59:03","modified_gmt":"2022-03-02T15:59:03","slug":"paju-palestiniens-et-juifs-unis-no-937-le-25-janvier-2019","status":"publish","type":"post","link":"https:\/\/paju.org\/fr\/paju-palestiniens-et-juifs-unis-no-937-le-25-janvier-2019\/","title":{"rendered":"\u00ab QUE CESSE L\u2019OCCUPATION ! \u00bb no. 937"},"content":{"rendered":"<h3><strong>\u00a0<\/strong>Les mensonges de Trudeau sur le BDS<img loading=\"lazy\" decoding=\"async\" class=\"size-medium wp-image-123 alignright\" src=\"http:\/\/paju.org\/wp-content\/uploads\/2019\/01\/trudeau-netanyahu-final-815e6-300x157.png\" alt=\"\" width=\"300\" height=\"157\" srcset=\"https:\/\/paju.org\/wp-content\/uploads\/2019\/01\/trudeau-netanyahu-final-815e6-300x157.png 300w, https:\/\/paju.org\/wp-content\/uploads\/2019\/01\/trudeau-netanyahu-final-815e6.png 500w\" sizes=\"(max-width: 300px) 100vw, 300px\" \/><\/h3>\n<p>par Ali Abunimah<\/p>\n<p>J\u2019ai parl\u00e9 sur<em> The Real News<\/em> des attaques et diffamations r\u00e9p\u00e9t\u00e9es du premier ministre canadien Justin Trudeau contre le BDS, un mouvement de boycott, d\u00e9sinvestissements et sanctions en faveur des droits des Palestiniens.<\/p>\n<p>Lors d&#8217;une assembl\u00e9e publique tenue cette semaine en Ontario \u00e0 l&#8217;Universit\u00e9 Brock, (<a href=\"https:\/\/www.youtube.com\/watch?v=rtFT9cD8L5I\">https:\/\/www.youtube.com\/watch?v=rtFT9cD8L5I<\/a>), un intervenant a demand\u00e9 \u00e0 Justin Trudeau de retirer ses propos ant\u00e9rieurs selon lesquels le mouvement BDS serait antis\u00e9mite. Au lieu de cela, le premier ministre a rench\u00e9ri, affirmant que le mouvement anti-raciste BDS ciblait les juifs. (<a href=\"https:\/\/electronicintifada.net\/blogs\/ali-abunimah\/israel-boycott-part-global-anti-racist-struggle\">https:\/\/electronicintifada.net\/blogs\/ali-abunimah\/israel-boycott-part-global-anti-racist-struggle<\/a>)<!--more--><\/p>\n<p>Il a affirm\u00e9 \u00ab que l&#8217;antis\u00e9mitisme s&#8217;est \u00e9galement manifest\u00e9 non seulement en ciblant des individus, mais aussi \u00e0 l\u2019encontre de l&#8217;\u00c9tat d&#8217;Isra\u00ebl \u00bb.<\/p>\n<p><strong>Le refus du premier ministre de faire une distinction entre juifs et juda\u00efsme d\u2019une part, et Isra\u00ebl et son id\u00e9ologie d\u2019\u00c9tat, le sionisme, d\u2019autre part, est, tel que je l\u2019ai d\u00e9clar\u00e9 \u00e0 <em>The Real News<\/em>, un acte antis\u00e9mite en soi.<\/strong><\/p>\n<p>Le premier ministre a \u00e9galement r\u00e9p\u00e9t\u00e9 que \u00ab les \u00e9tudiants juifs se sentent toujours mal accueillis et mal \u00e0 l&#8217;aise sur certains de nos campus universitaires en raison d&#8217;intimidations li\u00e9es au BDS \u00bb, une diffamation fr\u00e9quente de la part des groupes de pression isra\u00e9liens visant \u00e0 criminaliser l&#8217;activisme solidaire palestinien.<\/p>\n<p>J&#8217;ai dit \u00e0 <em>The Real News<\/em> que Justin Trudeau \u00e9tait en train de prof\u00e9rer des mensonges sur le mouvement BDS et de faire \u00e9cho aux propos tenus par le gouvernement isra\u00e9lien.<\/p>\n<p>Alors qu&#8217;il pr\u00e9tend d\u00e9fendre les \u00ab valeurs canadiennes \u00bb, j&#8217;ai avanc\u00e9 que de ce fait il entache la r\u00e9putation des Canadiens, y compris des Canadiens d&#8217;origine juive (<a href=\"https:\/\/ijvcanada.org\/\">https:\/\/ijvcanada.org\/<\/a>), qui soutiennent pleinement les droits des Palestiniens.<\/p>\n<p><strong>Justin Trudeau s\u2019inspire du puissant lobby isra\u00e9lien du Canada<\/strong>. En effet, dans sa r\u00e9ponse, il a cit\u00e9 son \u00ab ami \u00bb Irwin Cotler, l\u2019un des plus importants propagandistes pro-Isra\u00ebl du \u00a0Canada, comme \u00e9tant l\u2019une de ses sources.<\/p>\n<p>Cependant, comme le montrent les sondages d&#8217;opinion, Justin Trudeau est en d\u00e9calage avec la majorit\u00e9 des Canadiens (<a href=\"https:\/\/electronicintifada.net\/blogs\/ali-abunimah\/80-percent-canadians-back-israel-boycott-poll-0\">https:\/\/electronicintifada.net\/blogs\/ali-abunimah\/80-percent-canadians-back-israel-boycott-poll-0<\/a>) qui consid\u00e8rent la tactique du BDS comme \u00e9tant un moyen judicieux pour les Palestiniens de faire valoir leurs droits face \u00e0 la complicit\u00e9 et \u00e0 l&#8217;inaction de la dite communaut\u00e9 internationale.<\/p>\n<p><strong>Adapt\u00e9 de\u00a0:<\/strong> <a href=\"https:\/\/electronicintifada.net\/blogs\/ali-abunimah\/justin-trudeaus-pack-lies-about-bds\">https:\/\/electronicintifada.net\/blogs\/ali-abunimah\/justin-trudeaus-pack-lies-about-bds<\/a><\/p>\n<p><strong>DISTRIBU\u00c9 PAR PAJU (PALESTINIENS ET JUIFS UNIS)<\/strong><\/p>\n<p><strong>WWW.PAJUMONTREAL.ORG<\/strong><\/p>\n","protected":false},"excerpt":{"rendered":"<p>\u00a0Les mensonges de Trudeau sur le BDS par Ali Abunimah J\u2019ai parl\u00e9 sur The Real News des attaques et diffamations r\u00e9p\u00e9t\u00e9es du premier ministre canadien Justin Trudeau contre le BDS, [&hellip;]<\/p>\n","protected":false},"author":1,"featured_media":0,"comment_status":"closed","ping_status":"closed","sticky":false,"template":"","format":"standard","meta":{"_acf_changed":false,"_et_pb_use_builder":"","_et_pb_old_content":"","_et_gb_content_width":"","footnotes":""},"categories":[94],"tags":[],"class_list":["post-121","post","type-post","status-publish","format-standard","hentry","category-bulletin-fr"],"acf":[],"yoast_head":"<!-- This site is optimized with the Yoast SEO plugin v25.8 - https:\/\/yoast.com\/wordpress\/plugins\/seo\/ -->\n<title>\u00ab QUE CESSE L\u2019OCCUPATION ! \u00bb no. 937 - PAJU<\/title>\n<meta name=\"robots\" content=\"index, follow, max-snippet:-1, max-image-preview:large, max-video-preview:-1\" \/>\n<link rel=\"canonical\" href=\"https:\/\/paju.org\/fr\/paju-palestiniens-et-juifs-unis-no-937-le-25-janvier-2019\/\" \/>\n<meta property=\"og:locale\" content=\"fr_FR\" \/>\n<meta property=\"og:type\" content=\"article\" \/>\n<meta property=\"og:title\" content=\"\u00ab QUE CESSE L\u2019OCCUPATION ! \u00bb no. 937 - PAJU\" \/>\n<meta property=\"og:description\" content=\"\u00a0Les mensonges de Trudeau sur le BDS par Ali Abunimah J\u2019ai parl\u00e9 sur The Real News des attaques et diffamations r\u00e9p\u00e9t\u00e9es du premier ministre canadien Justin Trudeau contre le BDS, [&hellip;]\" \/>\n<meta property=\"og:site_name\" content=\"PAJU\" \/>\n<meta property=\"article:publisher\" content=\"https:\/\/www.facebook.com\/pajumontreal\" \/>\n<meta property=\"article:published_time\" content=\"2019-01-25T16:18:47+00:00\" \/>\n<meta property=\"article:modified_time\" content=\"2022-03-02T15:59:03+00:00\" \/>\n<meta property=\"og:image\" content=\"https:\/\/paju.org\/wp-content\/uploads\/2022\/02\/tract-picket.jpg\" \/>\n\t<meta property=\"og:image:width\" content=\"960\" \/>\n\t<meta property=\"og:image:height\" content=\"720\" \/>\n\t<meta property=\"og:image:type\" content=\"image\/jpeg\" \/>\n<meta name=\"author\" content=\"PAJU\" \/>\n<meta name=\"twitter:card\" content=\"summary_large_image\" \/>\n<meta name=\"twitter:label1\" content=\"\u00c9crit par\" \/>\n\t<meta name=\"twitter:data1\" content=\"PAJU\" \/>\n\t<meta name=\"twitter:label2\" content=\"Dur\u00e9e de lecture estim\u00e9e\" \/>\n\t<meta name=\"twitter:data2\" content=\"2 minutes\" \/>\n<script type=\"application\/ld+json\" class=\"yoast-schema-graph\">{\"@context\":\"https:\/\/schema.org\",\"@graph\":[{\"@type\":\"Article\",\"@id\":\"https:\/\/paju.org\/fr\/paju-palestiniens-et-juifs-unis-no-937-le-25-janvier-2019\/#article\",\"isPartOf\":{\"@id\":\"https:\/\/paju.org\/fr\/paju-palestiniens-et-juifs-unis-no-937-le-25-janvier-2019\/\"},\"author\":{\"name\":\"PAJU\",\"@id\":\"https:\/\/paju.org\/fr\/#\/schema\/person\/329c80ae8a3b11562a4f709eaa6ebfc6\"},\"headline\":\"\u00ab QUE CESSE L\u2019OCCUPATION ! \u00bb no. 937\",\"datePublished\":\"2019-01-25T16:18:47+00:00\",\"dateModified\":\"2022-03-02T15:59:03+00:00\",\"mainEntityOfPage\":{\"@id\":\"https:\/\/paju.org\/fr\/paju-palestiniens-et-juifs-unis-no-937-le-25-janvier-2019\/\"},\"wordCount\":440,\"publisher\":{\"@id\":\"https:\/\/paju.org\/fr\/#organization\"},\"image\":{\"@id\":\"https:\/\/paju.org\/fr\/paju-palestiniens-et-juifs-unis-no-937-le-25-janvier-2019\/#primaryimage\"},\"thumbnailUrl\":\"http:\/\/paju.org\/wp-content\/uploads\/2019\/01\/trudeau-netanyahu-final-815e6-300x157.png\",\"articleSection\":[\"Notre bulletin\"],\"inLanguage\":\"fr-FR\"},{\"@type\":\"WebPage\",\"@id\":\"https:\/\/paju.org\/fr\/paju-palestiniens-et-juifs-unis-no-937-le-25-janvier-2019\/\",\"url\":\"https:\/\/paju.org\/fr\/paju-palestiniens-et-juifs-unis-no-937-le-25-janvier-2019\/\",\"name\":\"\u00ab QUE CESSE L\u2019OCCUPATION ! \u00bb no. 937 - PAJU\",\"isPartOf\":{\"@id\":\"https:\/\/paju.org\/fr\/#website\"},\"primaryImageOfPage\":{\"@id\":\"https:\/\/paju.org\/fr\/paju-palestiniens-et-juifs-unis-no-937-le-25-janvier-2019\/#primaryimage\"},\"image\":{\"@id\":\"https:\/\/paju.org\/fr\/paju-palestiniens-et-juifs-unis-no-937-le-25-janvier-2019\/#primaryimage\"},\"thumbnailUrl\":\"http:\/\/paju.org\/wp-content\/uploads\/2019\/01\/trudeau-netanyahu-final-815e6-300x157.png\",\"datePublished\":\"2019-01-25T16:18:47+00:00\",\"dateModified\":\"2022-03-02T15:59:03+00:00\",\"breadcrumb\":{\"@id\":\"https:\/\/paju.org\/fr\/paju-palestiniens-et-juifs-unis-no-937-le-25-janvier-2019\/#breadcrumb\"},\"inLanguage\":\"fr-FR\",\"potentialAction\":[{\"@type\":\"ReadAction\",\"target\":[\"https:\/\/paju.org\/fr\/paju-palestiniens-et-juifs-unis-no-937-le-25-janvier-2019\/\"]}]},{\"@type\":\"ImageObject\",\"inLanguage\":\"fr-FR\",\"@id\":\"https:\/\/paju.org\/fr\/paju-palestiniens-et-juifs-unis-no-937-le-25-janvier-2019\/#primaryimage\",\"url\":\"http:\/\/paju.org\/wp-content\/uploads\/2019\/01\/trudeau-netanyahu-final-815e6-300x157.png\",\"contentUrl\":\"http:\/\/paju.org\/wp-content\/uploads\/2019\/01\/trudeau-netanyahu-final-815e6-300x157.png\"},{\"@type\":\"BreadcrumbList\",\"@id\":\"https:\/\/paju.org\/fr\/paju-palestiniens-et-juifs-unis-no-937-le-25-janvier-2019\/#breadcrumb\",\"itemListElement\":[{\"@type\":\"ListItem\",\"position\":1,\"name\":\"Home\",\"item\":\"https:\/\/paju.org\/fr\/\"},{\"@type\":\"ListItem\",\"position\":2,\"name\":\"\u00ab QUE CESSE L\u2019OCCUPATION ! \u00bb no. 937\"}]},{\"@type\":\"WebSite\",\"@id\":\"https:\/\/paju.org\/fr\/#website\",\"url\":\"https:\/\/paju.org\/fr\/\",\"name\":\"PAJU\",\"description\":\"\",\"publisher\":{\"@id\":\"https:\/\/paju.org\/fr\/#organization\"},\"potentialAction\":[{\"@type\":\"SearchAction\",\"target\":{\"@type\":\"EntryPoint\",\"urlTemplate\":\"https:\/\/paju.org\/fr\/?s={search_term_string}\"},\"query-input\":{\"@type\":\"PropertyValueSpecification\",\"valueRequired\":true,\"valueName\":\"search_term_string\"}}],\"inLanguage\":\"fr-FR\"},{\"@type\":\"Organization\",\"@id\":\"https:\/\/paju.org\/fr\/#organization\",\"name\":\"Palestinian and Jewish Unity\",\"url\":\"https:\/\/paju.org\/fr\/\",\"logo\":{\"@type\":\"ImageObject\",\"inLanguage\":\"fr-FR\",\"@id\":\"https:\/\/paju.org\/fr\/#\/schema\/logo\/image\/\",\"url\":\"https:\/\/paju.org\/wp-content\/uploads\/PAJU-Logo.png\",\"contentUrl\":\"https:\/\/paju.org\/wp-content\/uploads\/PAJU-Logo.png\",\"width\":696,\"height\":293,\"caption\":\"Palestinian and Jewish Unity\"},\"image\":{\"@id\":\"https:\/\/paju.org\/fr\/#\/schema\/logo\/image\/\"},\"sameAs\":[\"https:\/\/www.facebook.com\/pajumontreal\",\"https:\/\/www.instagram.com\/pajumontreal\/\"]},{\"@type\":\"Person\",\"@id\":\"https:\/\/paju.org\/fr\/#\/schema\/person\/329c80ae8a3b11562a4f709eaa6ebfc6\",\"name\":\"PAJU\",\"image\":{\"@type\":\"ImageObject\",\"inLanguage\":\"fr-FR\",\"@id\":\"https:\/\/paju.org\/fr\/#\/schema\/person\/image\/\",\"url\":\"https:\/\/secure.gravatar.com\/avatar\/add00ab44460a1b9b8dcff1854bb07dba0ac5e3135473daf39201d280ad20f18?s=96&d=mm&r=g\",\"contentUrl\":\"https:\/\/secure.gravatar.com\/avatar\/add00ab44460a1b9b8dcff1854bb07dba0ac5e3135473daf39201d280ad20f18?s=96&d=mm&r=g\",\"caption\":\"PAJU\"},\"url\":\"https:\/\/paju.org\/fr\/author\/chadi\/\"}]}<\/script>\n<!-- \/ Yoast SEO plugin. -->","yoast_head_json":{"title":"\u00ab QUE CESSE L\u2019OCCUPATION ! \u00bb no. 937 - PAJU","robots":{"index":"index","follow":"follow","max-snippet":"max-snippet:-1","max-image-preview":"max-image-preview:large","max-video-preview":"max-video-preview:-1"},"canonical":"https:\/\/paju.org\/fr\/paju-palestiniens-et-juifs-unis-no-937-le-25-janvier-2019\/","og_locale":"fr_FR","og_type":"article","og_title":"\u00ab QUE CESSE L\u2019OCCUPATION ! \u00bb no. 937 - PAJU","og_description":"\u00a0Les mensonges de Trudeau sur le BDS par Ali Abunimah J\u2019ai parl\u00e9 sur The Real News des attaques et diffamations r\u00e9p\u00e9t\u00e9es du premier ministre canadien Justin Trudeau contre le BDS, [&hellip;]","og_site_name":"PAJU","article_publisher":"https:\/\/www.facebook.com\/pajumontreal","article_published_time":"2019-01-25T16:18:47+00:00","article_modified_time":"2022-03-02T15:59:03+00:00","og_image":[{"width":960,"height":720,"url":"https:\/\/paju.org\/wp-content\/uploads\/2022\/02\/tract-picket.jpg","type":"image\/jpeg"}],"author":"PAJU","twitter_card":"summary_large_image","twitter_misc":{"\u00c9crit par":"PAJU","Dur\u00e9e de lecture estim\u00e9e":"2 minutes"},"schema":{"@context":"https:\/\/schema.org","@graph":[{"@type":"Article","@id":"https:\/\/paju.org\/fr\/paju-palestiniens-et-juifs-unis-no-937-le-25-janvier-2019\/#article","isPartOf":{"@id":"https:\/\/paju.org\/fr\/paju-palestiniens-et-juifs-unis-no-937-le-25-janvier-2019\/"},"author":{"name":"PAJU","@id":"https:\/\/paju.org\/fr\/#\/schema\/person\/329c80ae8a3b11562a4f709eaa6ebfc6"},"headline":"\u00ab QUE CESSE L\u2019OCCUPATION ! \u00bb no. 937","datePublished":"2019-01-25T16:18:47+00:00","dateModified":"2022-03-02T15:59:03+00:00","mainEntityOfPage":{"@id":"https:\/\/paju.org\/fr\/paju-palestiniens-et-juifs-unis-no-937-le-25-janvier-2019\/"},"wordCount":440,"publisher":{"@id":"https:\/\/paju.org\/fr\/#organization"},"image":{"@id":"https:\/\/paju.org\/fr\/paju-palestiniens-et-juifs-unis-no-937-le-25-janvier-2019\/#primaryimage"},"thumbnailUrl":"http:\/\/paju.org\/wp-content\/uploads\/2019\/01\/trudeau-netanyahu-final-815e6-300x157.png","articleSection":["Notre bulletin"],"inLanguage":"fr-FR"},{"@type":"WebPage","@id":"https:\/\/paju.org\/fr\/paju-palestiniens-et-juifs-unis-no-937-le-25-janvier-2019\/","url":"https:\/\/paju.org\/fr\/paju-palestiniens-et-juifs-unis-no-937-le-25-janvier-2019\/","name":"\u00ab QUE CESSE L\u2019OCCUPATION ! \u00bb no. 937 - PAJU","isPartOf":{"@id":"https:\/\/paju.org\/fr\/#website"},"primaryImageOfPage":{"@id":"https:\/\/paju.org\/fr\/paju-palestiniens-et-juifs-unis-no-937-le-25-janvier-2019\/#primaryimage"},"image":{"@id":"https:\/\/paju.org\/fr\/paju-palestiniens-et-juifs-unis-no-937-le-25-janvier-2019\/#primaryimage"},"thumbnailUrl":"http:\/\/paju.org\/wp-content\/uploads\/2019\/01\/trudeau-netanyahu-final-815e6-300x157.png","datePublished":"2019-01-25T16:18:47+00:00","dateModified":"2022-03-02T15:59:03+00:00","breadcrumb":{"@id":"https:\/\/paju.org\/fr\/paju-palestiniens-et-juifs-unis-no-937-le-25-janvier-2019\/#breadcrumb"},"inLanguage":"fr-FR","potentialAction":[{"@type":"ReadAction","target":["https:\/\/paju.org\/fr\/paju-palestiniens-et-juifs-unis-no-937-le-25-janvier-2019\/"]}]},{"@type":"ImageObject","inLanguage":"fr-FR","@id":"https:\/\/paju.org\/fr\/paju-palestiniens-et-juifs-unis-no-937-le-25-janvier-2019\/#primaryimage","url":"http:\/\/paju.org\/wp-content\/uploads\/2019\/01\/trudeau-netanyahu-final-815e6-300x157.png","contentUrl":"http:\/\/paju.org\/wp-content\/uploads\/2019\/01\/trudeau-netanyahu-final-815e6-300x157.png"},{"@type":"BreadcrumbList","@id":"https:\/\/paju.org\/fr\/paju-palestiniens-et-juifs-unis-no-937-le-25-janvier-2019\/#breadcrumb","itemListElement":[{"@type":"ListItem","position":1,"name":"Home","item":"https:\/\/paju.org\/fr\/"},{"@type":"ListItem","position":2,"name":"\u00ab QUE CESSE L\u2019OCCUPATION ! \u00bb no. 937"}]},{"@type":"WebSite","@id":"https:\/\/paju.org\/fr\/#website","url":"https:\/\/paju.org\/fr\/","name":"PAJU","description":"","publisher":{"@id":"https:\/\/paju.org\/fr\/#organization"},"potentialAction":[{"@type":"SearchAction","target":{"@type":"EntryPoint","urlTemplate":"https:\/\/paju.org\/fr\/?s={search_term_string}"},"query-input":{"@type":"PropertyValueSpecification","valueRequired":true,"valueName":"search_term_string"}}],"inLanguage":"fr-FR"},{"@type":"Organization","@id":"https:\/\/paju.org\/fr\/#organization","name":"Palestinian and Jewish Unity","url":"https:\/\/paju.org\/fr\/","logo":{"@type":"ImageObject","inLanguage":"fr-FR","@id":"https:\/\/paju.org\/fr\/#\/schema\/logo\/image\/","url":"https:\/\/paju.org\/wp-content\/uploads\/PAJU-Logo.png","contentUrl":"https:\/\/paju.org\/wp-content\/uploads\/PAJU-Logo.png","width":696,"height":293,"caption":"Palestinian and Jewish Unity"},"image":{"@id":"https:\/\/paju.org\/fr\/#\/schema\/logo\/image\/"},"sameAs":["https:\/\/www.facebook.com\/pajumontreal","https:\/\/www.instagram.com\/pajumontreal\/"]},{"@type":"Person","@id":"https:\/\/paju.org\/fr\/#\/schema\/person\/329c80ae8a3b11562a4f709eaa6ebfc6","name":"PAJU","image":{"@type":"ImageObject","inLanguage":"fr-FR","@id":"https:\/\/paju.org\/fr\/#\/schema\/person\/image\/","url":"https:\/\/secure.gravatar.com\/avatar\/add00ab44460a1b9b8dcff1854bb07dba0ac5e3135473daf39201d280ad20f18?s=96&d=mm&r=g","contentUrl":"https:\/\/secure.gravatar.com\/avatar\/add00ab44460a1b9b8dcff1854bb07dba0ac5e3135473daf39201d280ad20f18?s=96&d=mm&r=g","caption":"PAJU"},"url":"https:\/\/paju.org\/fr\/author\/chadi\/"}]}},"_links":{"self":[{"href":"https:\/\/paju.org\/fr\/wp-json\/wp\/v2\/posts\/121","targetHints":{"allow":["GET"]}}],"collection":[{"href":"https:\/\/paju.org\/fr\/wp-json\/wp\/v2\/posts"}],"about":[{"href":"https:\/\/paju.org\/fr\/wp-json\/wp\/v2\/types\/post"}],"author":[{"embeddable":true,"href":"https:\/\/paju.org\/fr\/wp-json\/wp\/v2\/users\/1"}],"replies":[{"embeddable":true,"href":"https:\/\/paju.org\/fr\/wp-json\/wp\/v2\/comments?post=121"}],"version-history":[{"count":6,"href":"https:\/\/paju.org\/fr\/wp-json\/wp\/v2\/posts\/121\/revisions"}],"predecessor-version":[{"id":132,"href":"https:\/\/paju.org\/fr\/wp-json\/wp\/v2\/posts\/121\/revisions\/132"}],"wp:attachment":[{"href":"https:\/\/paju.org\/fr\/wp-json\/wp\/v2\/media?parent=121"}],"wp:term":[{"taxonomy":"category","embeddable":true,"href":"https:\/\/paju.org\/fr\/wp-json\/wp\/v2\/categories?post=121"},{"taxonomy":"post_tag","embeddable":true,"href":"https:\/\/paju.org\/fr\/wp-json\/wp\/v2\/tags?post=121"}],"curies":[{"name":"wp","href":"https:\/\/api.w.org\/{rel}","templated":true}]}}