{"id":1,"date":"2018-12-21T21:57:05","date_gmt":"2018-12-21T21:57:05","guid":{"rendered":"http:\/\/paju.org\/?p=1"},"modified":"2022-03-02T15:59:32","modified_gmt":"2022-03-02T15:59:32","slug":"que-cesse-loccupation-no-932","status":"publish","type":"post","link":"https:\/\/paju.org\/fr\/que-cesse-loccupation-no-932\/","title":{"rendered":"\u00ab QUE CESSE L\u2019OCCUPATION ! \u00bb no. 932"},"content":{"rendered":"<h2>Lib\u00e9rez Georges Ibrahim Abdallah!<\/h2>\n<p><img loading=\"lazy\" decoding=\"async\" class=\" wp-image-70 alignright\" src=\"http:\/\/paju.org\/wp-content\/uploads\/2019\/01\/932-300x300.jpg\" alt=\"\" width=\"236\" height=\"236\" srcset=\"https:\/\/paju.org\/wp-content\/uploads\/2019\/01\/932-300x300.jpg 300w, https:\/\/paju.org\/wp-content\/uploads\/2019\/01\/932-150x150.jpg 150w, https:\/\/paju.org\/wp-content\/uploads\/2019\/01\/932.jpg 325w\" sizes=\"(max-width: 236px) 100vw, 236px\" \/><\/p>\n<p>Georges Ibrahim Abdallah est un \u00ab r\u00e9volutionnaire libanais \u00bb, emprisonn\u00e9 depuis 34 ans en France. Il est aujourd\u2019hui incarc\u00e9r\u00e9 dans la prison de Lannemezan. Sa peine de s\u00fbret\u00e9 s\u2019est achev\u00e9e en 1999.<\/p>\n<p>Ce libanais, issu d\u2019une famille chr\u00e9tienne, originaire de Kobayat dans le nord du Liban, est aujourd\u2019hui \u00e2g\u00e9 de 67 ans. Cofondateur en 1979 des \u00ab Fractions Arm\u00e9es R\u00e9volutionnaires Libanaises \u00bb, un petit groupe marxiste anti-imp\u00e9rialiste qui a revendiqu\u00e9 l\u2019ex\u00e9cution d\u2019un attach\u00e9 militaire am\u00e9ricain, \u00e0 Paris, Charles Ray et d\u2019un diplomate isra\u00e9lien Yacov Barsimentov \u00e0 Boulogne-Billancourt alors que le Liban \u00e9tait envahi par l\u2019arm\u00e9e isra\u00e9lienne, il a \u00e9t\u00e9 arr\u00eat\u00e9 \u00e0 Lyon, le 24 octobre 1984, puis condamn\u00e9 \u00e0 perp\u00e9tuit\u00e9 en 1987.<!--more--><\/p>\n<p>Lors de son proc\u00e8s \u00e0 Lyon en 1987, il a \u00e9t\u00e9 jug\u00e9 coupable de complicit\u00e9 dans ces assassinats. Cet ancien instituteur a d\u00e9clar\u00e9 devant ses juges : \u00ab Je suis un combattant pas un criminel \u00bb. Il a ajout\u00e9 \u00ab la voie que j\u2019ai suivie m\u2019a \u00e9t\u00e9 impos\u00e9e par les atteintes aux droits de l\u2019homme perp\u00e9tr\u00e9es contre les Palestiniens \u00bb. Abdallah a \u00e9t\u00e9 condamn\u00e9 en 1987 \u00e0 la prison \u00e0 perp\u00e9tuit\u00e9 lors d\u2019une audience controvers\u00e9e, consid\u00e9r\u00e9e comme une tache ind\u00e9l\u00e9bile pour le syst\u00e8me juridique fran\u00e7ais.<\/p>\n<p>Le proc\u00e8s a souffert de nombreuses irr\u00e9gularit\u00e9s, tout d\u2019abord parce qu\u2019un des avocats d\u2019Abdallah a contribu\u00e9 \u00e0 l\u2019espionner. Quant aux soi-disant preuves contre Abdallah, elles ont \u00e9t\u00e9 fabriqu\u00e9es de fa\u00e7on r\u00e9troactive par les services du renseignement fran\u00e7ais, am\u00e9ricain et isra\u00e9lien.<\/p>\n<p>Les politiques agressives contre le Liban, europ\u00e9ennes en g\u00e9n\u00e9ral et sioniste en particulier, et la fa\u00e7on dont la France y a contribu\u00e9 ont donn\u00e9 naissance au \u00ab ph\u00e9nom\u00e8ne Abdallah \u00bb, comme \u00e0 beaucoup d\u2019autres comme lui.<\/p>\n<p>Ces politiques ont contribu\u00e9 \u00e0 ce qui \u00e9tait appel\u00e9 \u00ab les op\u00e9rations sp\u00e9ciales \u00bb dans lesquelles la plupart des organisations palestiniennes ont \u00e9t\u00e9 impliqu\u00e9es avec beaucoup d\u2019autres mouvements de lib\u00e9ration nationale. Ceux faussement catalogu\u00e9s comme \u00ab terroristes \u00bb agissaient en conformit\u00e9 avec leurs droits en tant qu\u2019hommes. Le cas d\u2019Abdallah est un cas de r\u00e9sistance nationale l\u00e9gitime.<\/p>\n<p>Au fil des ann\u00e9es et des recours en justice, les \u00c9tats-Unis se sont syst\u00e9matiquement oppos\u00e9s \u00e0 toute lib\u00e9ration, m\u00eame conditionnelle, de Georges Ibrahim Abdallah, pr\u00e9textant \u00ab un danger pour la stabilit\u00e9 du Liban \u00bb. Ils ont \u00e0 chaque fois obtenu satisfaction du pouvoir fran\u00e7ais.<\/p>\n<p>La derni\u00e8re exigence en date remonte \u00e0 avril 2014, quand le d\u00e9partement d\u2019\u00c9tat am\u00e9ricain (sous la pr\u00e9sidence de Barack Obama) est intervenu aupr\u00e8s du gouvernement fran\u00e7ais pour emp\u00eacher la lib\u00e9ration et le retour au Liban d\u2019Abdallah. Inutile de pr\u00e9ciser que le premier ministre Manuel Vals et le pr\u00e9sident Fran\u00e7ois Hollande se sont alors empress\u00e9s d\u2019obtemp\u00e9rer.<\/p>\n<p>Adapt\u00e9 de : <a href=\"http:\/\/www.chroniquepalestine.com\/georges-ibrahim-abdallah-il-est-de-nos-luttes-nous-sommes-de-son-combat\/\">http:\/\/www.chroniquepalestine.com\/georges-ibrahim-abdallah-il-est-de-nos-luttes-nous-sommes-de-son-combat\/<\/a><\/p>\n<p>DISTRIBU\u00c9 PAR PAJU (PALESTINIENS ET JUIFS UNIS<br \/>\n<a href=\"https:\/\/WWW.PAJUMONTREAL.ORG\">WWW.PAJUMONTREAL.ORG<\/a><\/p>\n","protected":false},"excerpt":{"rendered":"<p>Lib\u00e9rez Georges Ibrahim Abdallah! Georges Ibrahim Abdallah est un \u00ab r\u00e9volutionnaire libanais \u00bb, emprisonn\u00e9 depuis 34 ans en France. Il est aujourd\u2019hui incarc\u00e9r\u00e9 dans la prison de Lannemezan. Sa peine [&hellip;]<\/p>\n","protected":false},"author":1,"featured_media":0,"comment_status":"closed","ping_status":"closed","sticky":false,"template":"","format":"standard","meta":{"_acf_changed":false,"_et_pb_use_builder":"","_et_pb_old_content":"","_et_gb_content_width":"","footnotes":""},"categories":[94],"tags":[39],"class_list":["post-1","post","type-post","status-publish","format-standard","hentry","category-bulletin-fr","tag-no-932"],"acf":[],"yoast_head":"<!-- This site is optimized with the Yoast SEO plugin v25.8 - https:\/\/yoast.com\/wordpress\/plugins\/seo\/ -->\n<title>\u00ab QUE CESSE L\u2019OCCUPATION ! \u00bb no. 932 - PAJU<\/title>\n<meta name=\"robots\" content=\"index, follow, max-snippet:-1, max-image-preview:large, max-video-preview:-1\" \/>\n<link rel=\"canonical\" href=\"https:\/\/paju.org\/fr\/que-cesse-loccupation-no-932\/\" \/>\n<meta property=\"og:locale\" content=\"fr_FR\" \/>\n<meta property=\"og:type\" content=\"article\" \/>\n<meta property=\"og:title\" content=\"\u00ab QUE CESSE L\u2019OCCUPATION ! \u00bb no. 932 - PAJU\" \/>\n<meta property=\"og:description\" content=\"Lib\u00e9rez Georges Ibrahim Abdallah! Georges Ibrahim Abdallah est un \u00ab r\u00e9volutionnaire libanais \u00bb, emprisonn\u00e9 depuis 34 ans en France. Il est aujourd\u2019hui incarc\u00e9r\u00e9 dans la prison de Lannemezan. Sa peine [&hellip;]\" \/>\n<meta property=\"og:site_name\" content=\"PAJU\" \/>\n<meta property=\"article:publisher\" content=\"https:\/\/www.facebook.com\/pajumontreal\" \/>\n<meta property=\"article:published_time\" content=\"2018-12-21T21:57:05+00:00\" \/>\n<meta property=\"article:modified_time\" content=\"2022-03-02T15:59:32+00:00\" \/>\n<meta property=\"og:image\" content=\"https:\/\/paju.org\/wp-content\/uploads\/2022\/02\/tract-picket.jpg\" \/>\n\t<meta property=\"og:image:width\" content=\"960\" \/>\n\t<meta property=\"og:image:height\" content=\"720\" \/>\n\t<meta property=\"og:image:type\" content=\"image\/jpeg\" \/>\n<meta name=\"author\" content=\"PAJU\" \/>\n<meta name=\"twitter:card\" content=\"summary_large_image\" \/>\n<meta name=\"twitter:label1\" content=\"\u00c9crit par\" \/>\n\t<meta name=\"twitter:data1\" content=\"PAJU\" \/>\n\t<meta name=\"twitter:label2\" content=\"Dur\u00e9e de lecture estim\u00e9e\" \/>\n\t<meta name=\"twitter:data2\" content=\"3 minutes\" \/>\n<script type=\"application\/ld+json\" class=\"yoast-schema-graph\">{\"@context\":\"https:\/\/schema.org\",\"@graph\":[{\"@type\":\"Article\",\"@id\":\"https:\/\/paju.org\/fr\/que-cesse-loccupation-no-932\/#article\",\"isPartOf\":{\"@id\":\"https:\/\/paju.org\/fr\/que-cesse-loccupation-no-932\/\"},\"author\":{\"name\":\"PAJU\",\"@id\":\"https:\/\/paju.org\/fr\/#\/schema\/person\/329c80ae8a3b11562a4f709eaa6ebfc6\"},\"headline\":\"\u00ab QUE CESSE L\u2019OCCUPATION ! \u00bb no. 932\",\"datePublished\":\"2018-12-21T21:57:05+00:00\",\"dateModified\":\"2022-03-02T15:59:32+00:00\",\"mainEntityOfPage\":{\"@id\":\"https:\/\/paju.org\/fr\/que-cesse-loccupation-no-932\/\"},\"wordCount\":509,\"publisher\":{\"@id\":\"https:\/\/paju.org\/fr\/#organization\"},\"image\":{\"@id\":\"https:\/\/paju.org\/fr\/que-cesse-loccupation-no-932\/#primaryimage\"},\"thumbnailUrl\":\"http:\/\/paju.org\/wp-content\/uploads\/2019\/01\/932-300x300.jpg\",\"keywords\":[\"no. 932\"],\"articleSection\":[\"Notre bulletin\"],\"inLanguage\":\"fr-FR\"},{\"@type\":\"WebPage\",\"@id\":\"https:\/\/paju.org\/fr\/que-cesse-loccupation-no-932\/\",\"url\":\"https:\/\/paju.org\/fr\/que-cesse-loccupation-no-932\/\",\"name\":\"\u00ab QUE CESSE L\u2019OCCUPATION ! \u00bb no. 932 - PAJU\",\"isPartOf\":{\"@id\":\"https:\/\/paju.org\/fr\/#website\"},\"primaryImageOfPage\":{\"@id\":\"https:\/\/paju.org\/fr\/que-cesse-loccupation-no-932\/#primaryimage\"},\"image\":{\"@id\":\"https:\/\/paju.org\/fr\/que-cesse-loccupation-no-932\/#primaryimage\"},\"thumbnailUrl\":\"http:\/\/paju.org\/wp-content\/uploads\/2019\/01\/932-300x300.jpg\",\"datePublished\":\"2018-12-21T21:57:05+00:00\",\"dateModified\":\"2022-03-02T15:59:32+00:00\",\"breadcrumb\":{\"@id\":\"https:\/\/paju.org\/fr\/que-cesse-loccupation-no-932\/#breadcrumb\"},\"inLanguage\":\"fr-FR\",\"potentialAction\":[{\"@type\":\"ReadAction\",\"target\":[\"https:\/\/paju.org\/fr\/que-cesse-loccupation-no-932\/\"]}]},{\"@type\":\"ImageObject\",\"inLanguage\":\"fr-FR\",\"@id\":\"https:\/\/paju.org\/fr\/que-cesse-loccupation-no-932\/#primaryimage\",\"url\":\"http:\/\/paju.org\/wp-content\/uploads\/2019\/01\/932-300x300.jpg\",\"contentUrl\":\"http:\/\/paju.org\/wp-content\/uploads\/2019\/01\/932-300x300.jpg\"},{\"@type\":\"BreadcrumbList\",\"@id\":\"https:\/\/paju.org\/fr\/que-cesse-loccupation-no-932\/#breadcrumb\",\"itemListElement\":[{\"@type\":\"ListItem\",\"position\":1,\"name\":\"Home\",\"item\":\"https:\/\/paju.org\/fr\/\"},{\"@type\":\"ListItem\",\"position\":2,\"name\":\"\u00ab QUE CESSE L\u2019OCCUPATION ! \u00bb no. 932\"}]},{\"@type\":\"WebSite\",\"@id\":\"https:\/\/paju.org\/fr\/#website\",\"url\":\"https:\/\/paju.org\/fr\/\",\"name\":\"PAJU\",\"description\":\"\",\"publisher\":{\"@id\":\"https:\/\/paju.org\/fr\/#organization\"},\"potentialAction\":[{\"@type\":\"SearchAction\",\"target\":{\"@type\":\"EntryPoint\",\"urlTemplate\":\"https:\/\/paju.org\/fr\/?s={search_term_string}\"},\"query-input\":{\"@type\":\"PropertyValueSpecification\",\"valueRequired\":true,\"valueName\":\"search_term_string\"}}],\"inLanguage\":\"fr-FR\"},{\"@type\":\"Organization\",\"@id\":\"https:\/\/paju.org\/fr\/#organization\",\"name\":\"Palestinian and Jewish Unity\",\"url\":\"https:\/\/paju.org\/fr\/\",\"logo\":{\"@type\":\"ImageObject\",\"inLanguage\":\"fr-FR\",\"@id\":\"https:\/\/paju.org\/fr\/#\/schema\/logo\/image\/\",\"url\":\"https:\/\/paju.org\/wp-content\/uploads\/PAJU-Logo.png\",\"contentUrl\":\"https:\/\/paju.org\/wp-content\/uploads\/PAJU-Logo.png\",\"width\":696,\"height\":293,\"caption\":\"Palestinian and Jewish Unity\"},\"image\":{\"@id\":\"https:\/\/paju.org\/fr\/#\/schema\/logo\/image\/\"},\"sameAs\":[\"https:\/\/www.facebook.com\/pajumontreal\",\"https:\/\/www.instagram.com\/pajumontreal\/\"]},{\"@type\":\"Person\",\"@id\":\"https:\/\/paju.org\/fr\/#\/schema\/person\/329c80ae8a3b11562a4f709eaa6ebfc6\",\"name\":\"PAJU\",\"image\":{\"@type\":\"ImageObject\",\"inLanguage\":\"fr-FR\",\"@id\":\"https:\/\/paju.org\/fr\/#\/schema\/person\/image\/\",\"url\":\"https:\/\/secure.gravatar.com\/avatar\/add00ab44460a1b9b8dcff1854bb07dba0ac5e3135473daf39201d280ad20f18?s=96&d=mm&r=g\",\"contentUrl\":\"https:\/\/secure.gravatar.com\/avatar\/add00ab44460a1b9b8dcff1854bb07dba0ac5e3135473daf39201d280ad20f18?s=96&d=mm&r=g\",\"caption\":\"PAJU\"},\"url\":\"https:\/\/paju.org\/fr\/author\/chadi\/\"}]}<\/script>\n<!-- \/ Yoast SEO plugin. -->","yoast_head_json":{"title":"\u00ab QUE CESSE L\u2019OCCUPATION ! \u00bb no. 932 - PAJU","robots":{"index":"index","follow":"follow","max-snippet":"max-snippet:-1","max-image-preview":"max-image-preview:large","max-video-preview":"max-video-preview:-1"},"canonical":"https:\/\/paju.org\/fr\/que-cesse-loccupation-no-932\/","og_locale":"fr_FR","og_type":"article","og_title":"\u00ab QUE CESSE L\u2019OCCUPATION ! \u00bb no. 932 - PAJU","og_description":"Lib\u00e9rez Georges Ibrahim Abdallah! Georges Ibrahim Abdallah est un \u00ab r\u00e9volutionnaire libanais \u00bb, emprisonn\u00e9 depuis 34 ans en France. Il est aujourd\u2019hui incarc\u00e9r\u00e9 dans la prison de Lannemezan. Sa peine [&hellip;]","og_site_name":"PAJU","article_publisher":"https:\/\/www.facebook.com\/pajumontreal","article_published_time":"2018-12-21T21:57:05+00:00","article_modified_time":"2022-03-02T15:59:32+00:00","og_image":[{"width":960,"height":720,"url":"https:\/\/paju.org\/wp-content\/uploads\/2022\/02\/tract-picket.jpg","type":"image\/jpeg"}],"author":"PAJU","twitter_card":"summary_large_image","twitter_misc":{"\u00c9crit par":"PAJU","Dur\u00e9e de lecture estim\u00e9e":"3 minutes"},"schema":{"@context":"https:\/\/schema.org","@graph":[{"@type":"Article","@id":"https:\/\/paju.org\/fr\/que-cesse-loccupation-no-932\/#article","isPartOf":{"@id":"https:\/\/paju.org\/fr\/que-cesse-loccupation-no-932\/"},"author":{"name":"PAJU","@id":"https:\/\/paju.org\/fr\/#\/schema\/person\/329c80ae8a3b11562a4f709eaa6ebfc6"},"headline":"\u00ab QUE CESSE L\u2019OCCUPATION ! \u00bb no. 932","datePublished":"2018-12-21T21:57:05+00:00","dateModified":"2022-03-02T15:59:32+00:00","mainEntityOfPage":{"@id":"https:\/\/paju.org\/fr\/que-cesse-loccupation-no-932\/"},"wordCount":509,"publisher":{"@id":"https:\/\/paju.org\/fr\/#organization"},"image":{"@id":"https:\/\/paju.org\/fr\/que-cesse-loccupation-no-932\/#primaryimage"},"thumbnailUrl":"http:\/\/paju.org\/wp-content\/uploads\/2019\/01\/932-300x300.jpg","keywords":["no. 932"],"articleSection":["Notre bulletin"],"inLanguage":"fr-FR"},{"@type":"WebPage","@id":"https:\/\/paju.org\/fr\/que-cesse-loccupation-no-932\/","url":"https:\/\/paju.org\/fr\/que-cesse-loccupation-no-932\/","name":"\u00ab QUE CESSE L\u2019OCCUPATION ! \u00bb no. 932 - PAJU","isPartOf":{"@id":"https:\/\/paju.org\/fr\/#website"},"primaryImageOfPage":{"@id":"https:\/\/paju.org\/fr\/que-cesse-loccupation-no-932\/#primaryimage"},"image":{"@id":"https:\/\/paju.org\/fr\/que-cesse-loccupation-no-932\/#primaryimage"},"thumbnailUrl":"http:\/\/paju.org\/wp-content\/uploads\/2019\/01\/932-300x300.jpg","datePublished":"2018-12-21T21:57:05+00:00","dateModified":"2022-03-02T15:59:32+00:00","breadcrumb":{"@id":"https:\/\/paju.org\/fr\/que-cesse-loccupation-no-932\/#breadcrumb"},"inLanguage":"fr-FR","potentialAction":[{"@type":"ReadAction","target":["https:\/\/paju.org\/fr\/que-cesse-loccupation-no-932\/"]}]},{"@type":"ImageObject","inLanguage":"fr-FR","@id":"https:\/\/paju.org\/fr\/que-cesse-loccupation-no-932\/#primaryimage","url":"http:\/\/paju.org\/wp-content\/uploads\/2019\/01\/932-300x300.jpg","contentUrl":"http:\/\/paju.org\/wp-content\/uploads\/2019\/01\/932-300x300.jpg"},{"@type":"BreadcrumbList","@id":"https:\/\/paju.org\/fr\/que-cesse-loccupation-no-932\/#breadcrumb","itemListElement":[{"@type":"ListItem","position":1,"name":"Home","item":"https:\/\/paju.org\/fr\/"},{"@type":"ListItem","position":2,"name":"\u00ab QUE CESSE L\u2019OCCUPATION ! \u00bb no. 932"}]},{"@type":"WebSite","@id":"https:\/\/paju.org\/fr\/#website","url":"https:\/\/paju.org\/fr\/","name":"PAJU","description":"","publisher":{"@id":"https:\/\/paju.org\/fr\/#organization"},"potentialAction":[{"@type":"SearchAction","target":{"@type":"EntryPoint","urlTemplate":"https:\/\/paju.org\/fr\/?s={search_term_string}"},"query-input":{"@type":"PropertyValueSpecification","valueRequired":true,"valueName":"search_term_string"}}],"inLanguage":"fr-FR"},{"@type":"Organization","@id":"https:\/\/paju.org\/fr\/#organization","name":"Palestinian and Jewish Unity","url":"https:\/\/paju.org\/fr\/","logo":{"@type":"ImageObject","inLanguage":"fr-FR","@id":"https:\/\/paju.org\/fr\/#\/schema\/logo\/image\/","url":"https:\/\/paju.org\/wp-content\/uploads\/PAJU-Logo.png","contentUrl":"https:\/\/paju.org\/wp-content\/uploads\/PAJU-Logo.png","width":696,"height":293,"caption":"Palestinian and Jewish Unity"},"image":{"@id":"https:\/\/paju.org\/fr\/#\/schema\/logo\/image\/"},"sameAs":["https:\/\/www.facebook.com\/pajumontreal","https:\/\/www.instagram.com\/pajumontreal\/"]},{"@type":"Person","@id":"https:\/\/paju.org\/fr\/#\/schema\/person\/329c80ae8a3b11562a4f709eaa6ebfc6","name":"PAJU","image":{"@type":"ImageObject","inLanguage":"fr-FR","@id":"https:\/\/paju.org\/fr\/#\/schema\/person\/image\/","url":"https:\/\/secure.gravatar.com\/avatar\/add00ab44460a1b9b8dcff1854bb07dba0ac5e3135473daf39201d280ad20f18?s=96&d=mm&r=g","contentUrl":"https:\/\/secure.gravatar.com\/avatar\/add00ab44460a1b9b8dcff1854bb07dba0ac5e3135473daf39201d280ad20f18?s=96&d=mm&r=g","caption":"PAJU"},"url":"https:\/\/paju.org\/fr\/author\/chadi\/"}]}},"_links":{"self":[{"href":"https:\/\/paju.org\/fr\/wp-json\/wp\/v2\/posts\/1","targetHints":{"allow":["GET"]}}],"collection":[{"href":"https:\/\/paju.org\/fr\/wp-json\/wp\/v2\/posts"}],"about":[{"href":"https:\/\/paju.org\/fr\/wp-json\/wp\/v2\/types\/post"}],"author":[{"embeddable":true,"href":"https:\/\/paju.org\/fr\/wp-json\/wp\/v2\/users\/1"}],"replies":[{"embeddable":true,"href":"https:\/\/paju.org\/fr\/wp-json\/wp\/v2\/comments?post=1"}],"version-history":[{"count":7,"href":"https:\/\/paju.org\/fr\/wp-json\/wp\/v2\/posts\/1\/revisions"}],"predecessor-version":[{"id":79,"href":"https:\/\/paju.org\/fr\/wp-json\/wp\/v2\/posts\/1\/revisions\/79"}],"wp:attachment":[{"href":"https:\/\/paju.org\/fr\/wp-json\/wp\/v2\/media?parent=1"}],"wp:term":[{"taxonomy":"category","embeddable":true,"href":"https:\/\/paju.org\/fr\/wp-json\/wp\/v2\/categories?post=1"},{"taxonomy":"post_tag","embeddable":true,"href":"https:\/\/paju.org\/fr\/wp-json\/wp\/v2\/tags?post=1"}],"curies":[{"name":"wp","href":"https:\/\/api.w.org\/{rel}","templated":true}]}}