{"id":265426,"global_id":"paju.org\/fr\/?id=265426","global_id_lineage":["paju.org\/fr\/?id=265426"],"author":"8","status":"publish","date":"2026-04-29 16:35:45","date_utc":"2026-04-29 20:35:45","modified":"2026-04-29 16:51:31","modified_utc":"2026-04-29 20:51:31","url":"https:\/\/paju.org\/fr\/event\/manif-national-syndical-journee-internationale-des-travailleuse-et-travailleurs-2-mai-2026-a-13h\/","rest_url":"https:\/\/paju.org\/fr\/wp-json\/tribe\/events\/v1\/events\/265426","title":"MANIF National Syndical JOURN\u00c9E INTERNATIONALE  DES TRAVAILLEUSE ET TRAVAILLEURS 2 mai 2026 \u00e0 13H","description":"<h1><strong>Grande manifestation nationale pour la journ\u00e9e internationale des travailleuses et travailleurs<\/strong><br \/>\n<img loading=\"lazy\" decoding=\"async\" class=\"attachment-full size-full wp-post-image\" src=\"https:\/\/www.ccmm-csn.qc.ca\/wp-content\/uploads\/2026\/03\/1mai-affiche11x17-ang-fra-page-1.jpg\" alt=\"\" width=\"1654\" height=\"2560\" data-mec-postid=\"11991\" \/><\/h1>\n<h3><strong>DROITS PI\u00c9TIN\u00c9S, FAUT R\u00c9SISTER !<\/strong><\/h3>\n<h3><strong>Travailleuses et travailleurs, retrait\u00e9-es, ch\u00f4meuses, ch\u00f4meurs, \u00e9tudiantes, \u00e9tudiants, groupes communautaires, organisations de d\u00e9fense des droits, gens de tous \u00e2ges et personnes de toutes origines : unissons-nous, le 2 mai 2026 \u00e0 Montr\u00e9al, pour la Journ\u00e9e internationale des travailleuses et des travailleurs.<\/strong><\/h3>\n<h3>Nos droits sont sans cesse pi\u00e9tin\u00e9s par la CAQ.<\/h3>\n<h3>Lois antisyndicales. Politiques n\u00e9fastes pour les travailleuses et les travailleurs les plus vuln\u00e9rables. Inaction face \u00e0 la crise du logement. Coupes dans les budgets des services publics et des programmes sociaux. Privatisation. Notre filet social est bris\u00e9 par les choix politiques de la CAQ et, au lieu de tenter de le renforcer, ce gouvernement de patrons multiplie les d\u00e9cisions qui nous appauvrissent collectivement, portent atteinte \u00e0 nos droits et b\u00e2illonnent les critiques.<\/h3>\n<h3>Comme les gouvernements des derni\u00e8res d\u00e9cennies, la CAQ coupe les budgets des services publics et favorise le d\u00e9veloppement de march\u00e9s priv\u00e9s. Pour la population, cela repr\u00e9sente un acc\u00e8s diminu\u00e9 aux services dont elle a besoin. Cela repr\u00e9sente aussi des conditions de travail inacceptables pour celles et ceux qui offrent les services. Pourtant, les services et les programmes sociaux accessibles et universels sont une cl\u00e9 importante pour assurer \u00e0 toutes et \u00e0 tous le droit de vivre dans la dignit\u00e9.<\/h3>\n<h3>Plus que jamais, nous devons faire pression pour emp\u00eacher le gouvernement de s\u2019en prendre \u00e0 nos droits et de d\u00e9truire davantage notre filet social!<\/h3>\n<div>\n<h3>Tous ensemble, r\u00e9sistons !<br \/>\nRassemblement le 2 mai \u00a0\u00e0 13 h, 4200 avenue du Parc (face \u00e0 la statue de George-\u00c9tienne Cartier)<\/h3>\n<h3>Nous vous y attendons en tr\u00e8s grand nombre !<\/h3>\n<h3>Le comit\u00e9 ex\u00e9cutif du Conseil central du Montr\u00e9al m\u00e9tropolitain-CSN<\/h3>\n<\/div>","excerpt":"","slug":"manif-national-syndical-journee-internationale-des-travailleuse-et-travailleurs-2-mai-2026-a-13h","image":{"url":"https:\/\/paju.org\/wp-content\/uploads\/2022\/07\/Cover-scaled.jpg","id":6188,"extension":"jpg","width":1706,"height":2560,"filesize":3120743,"sizes":{"medium":{"width":200,"height":300,"mime-type":"image\/jpeg","filesize":625993,"url":"https:\/\/paju.org\/wp-content\/uploads\/2022\/07\/Cover-200x300.jpg"},"large":{"width":683,"height":1024,"mime-type":"image\/jpeg","filesize":1034958,"url":"https:\/\/paju.org\/wp-content\/uploads\/2022\/07\/Cover-683x1024.jpg"},"thumbnail":{"width":150,"height":150,"mime-type":"image\/jpeg","filesize":597202,"url":"https:\/\/paju.org\/wp-content\/uploads\/2022\/07\/Cover-150x150.jpg"},"medium_large":{"width":768,"height":1152,"mime-type":"image\/jpeg","filesize":1141201,"url":"https:\/\/paju.org\/wp-content\/uploads\/2022\/07\/Cover-768x1152.jpg"},"1536x1536":{"width":1024,"height":1536,"mime-type":"image\/jpeg","filesize":1540591,"url":"https:\/\/paju.org\/wp-content\/uploads\/2022\/07\/Cover-1024x1536.jpg"},"2048x2048":{"width":1365,"height":2048,"mime-type":"image\/jpeg","filesize":2246446,"url":"https:\/\/paju.org\/wp-content\/uploads\/2022\/07\/Cover-1365x2048.jpg"},"bloom_image":{"width":610,"height":915,"mime-type":"image\/jpeg","filesize":951343,"url":"https:\/\/paju.org\/wp-content\/uploads\/2022\/07\/Cover-610x915.jpg"},"authorship-box-avatar":{"width":150,"height":150,"mime-type":"image\/jpeg","filesize":597202,"url":"https:\/\/paju.org\/wp-content\/uploads\/2022\/07\/Cover-150x150.jpg"},"authorship-box-related":{"width":70,"height":70,"mime-type":"image\/jpeg","filesize":581103,"url":"https:\/\/paju.org\/wp-content\/uploads\/2022\/07\/Cover-70x70.jpg"},"et-pb-post-main-image":{"width":400,"height":250,"mime-type":"image\/jpeg","filesize":659346,"url":"https:\/\/paju.org\/wp-content\/uploads\/2022\/07\/Cover-400x250.jpg"},"et-pb-post-main-image-fullwidth":{"width":1080,"height":675,"mime-type":"image\/jpeg","filesize":1068643,"url":"https:\/\/paju.org\/wp-content\/uploads\/2022\/07\/Cover-1080x675.jpg"},"et-pb-portfolio-image":{"width":400,"height":284,"mime-type":"image\/jpeg","filesize":668083,"url":"https:\/\/paju.org\/wp-content\/uploads\/2022\/07\/Cover-400x284.jpg"},"et-pb-portfolio-module-image":{"width":510,"height":382,"mime-type":"image\/jpeg","filesize":723200,"url":"https:\/\/paju.org\/wp-content\/uploads\/2022\/07\/Cover-510x382.jpg"},"et-pb-portfolio-image-single":{"width":1080,"height":1620,"mime-type":"image\/jpeg","filesize":1644927,"url":"https:\/\/paju.org\/wp-content\/uploads\/2022\/07\/Cover-1080x1620.jpg"},"et-pb-gallery-module-image-portrait":{"width":400,"height":516,"mime-type":"image\/jpeg","filesize":735362,"url":"https:\/\/paju.org\/wp-content\/uploads\/2022\/07\/Cover-400x516.jpg"},"et-pb-post-main-image-fullwidth-large":{"width":2625,"height":1800,"mime-type":"image\/jpeg","filesize":3668253,"url":"https:\/\/paju.org\/wp-content\/uploads\/2022\/07\/Cover-2625x1800.jpg"},"et-pb-image--responsive--desktop":{"width":1280,"height":1921,"mime-type":"image\/jpeg","filesize":2054870,"url":"https:\/\/paju.org\/wp-content\/uploads\/2022\/07\/Cover-1280x1921.jpg"},"et-pb-image--responsive--tablet":{"width":980,"height":1471,"mime-type":"image\/jpeg","filesize":1467719,"url":"https:\/\/paju.org\/wp-content\/uploads\/2022\/07\/Cover-980x1471.jpg"},"et-pb-image--responsive--phone":{"width":480,"height":720,"mime-type":"image\/jpeg","filesize":816922,"url":"https:\/\/paju.org\/wp-content\/uploads\/2022\/07\/Cover-480x720.jpg"}},"original_image":"Cover.jpg"},"all_day":false,"start_date":"2026-05-02 13:00:00","start_date_details":{"year":"2026","month":"05","day":"02","hour":"13","minutes":"00","seconds":"00"},"end_date":"2026-05-02 16:30:00","end_date_details":{"year":"2026","month":"05","day":"02","hour":"16","minutes":"30","seconds":"00"},"utc_start_date":"2026-05-02 17:00:00","utc_start_date_details":{"year":"2026","month":"05","day":"02","hour":"17","minutes":"00","seconds":"00"},"utc_end_date":"2026-05-02 20:30:00","utc_end_date_details":{"year":"2026","month":"05","day":"02","hour":"20","minutes":"30","seconds":"00"},"timezone":"America\/New_York","timezone_abbr":"EDT","cost":"","cost_details":{"currency_symbol":"$","currency_code":"USD","currency_position":"prefix","values":[]},"website":"","show_map":true,"show_map_link":true,"hide_from_listings":false,"sticky":false,"featured":false,"categories":[],"tags":[],"venue":{"id":265423,"author":"8","status":"publish","date":"2026-04-29 16:35:46","date_utc":"2026-04-29 20:35:46","modified":"2026-04-29 16:55:25","modified_utc":"2026-04-29 20:55:25","url":"https:\/\/paju.org\/fr\/lieu\/statut-georges-etienne-cartier-rue-parc\/","venue":"Statue Georges-Etienne-Cartier rue Parc","slug":"statut-georges-etienne-cartier-rue-parc","address":"4200 avenue du Parc","city":"Montr\u00e9al","country":"Canada","province":"Qu\u00e9bec","stateprovince":"Qu\u00e9bec","json_ld":{"@type":"Place","name":"Statue Georges-Etienne-Cartier rue Parc","description":"","url":"https:\/\/paju.org\/fr\/lieu\/statut-georges-etienne-cartier-rue-parc\/","address":{"@type":"PostalAddress","streetAddress":"4200 avenue du Parc","addressLocality":"Montr\u00e9al","addressRegion":"Qu\u00e9bec","addressCountry":"Canada"},"telephone":"","sameAs":""},"show_map":true,"show_map_link":true,"global_id":"paju.org\/fr\/?id=265423","global_id_lineage":["paju.org\/fr\/?id=265423"]},"organizer":[],"custom_fields":[],"json_ld":{"@context":"http:\/\/schema.org","@type":"Event","name":"MANIF National Syndical JOURN\u00c9E INTERNATIONALE  DES TRAVAILLEUSE ET TRAVAILLEURS 2 mai 2026 \u00e0 13H","description":"&lt;p&gt;Grande manifestation nationale pour la journ\u00e9e internationale des travailleuses et travailleurs DROITS PI\u00c9TIN\u00c9S, FAUT R\u00c9SISTER ! Travailleuses et travailleurs, retrait\u00e9-es, ch\u00f4meuses, ch\u00f4meurs, \u00e9tudiantes, \u00e9tudiants, groupes communautaires, organisations de d\u00e9fense des [&hellip;]&lt;\/p&gt;\\n","image":"https:\/\/paju.org\/wp-content\/uploads\/2022\/07\/Cover-scaled.jpg","url":"https:\/\/paju.org\/fr\/event\/manif-national-syndical-journee-internationale-des-travailleuse-et-travailleurs-2-mai-2026-a-13h\/","eventAttendanceMode":"https:\/\/schema.org\/OfflineEventAttendanceMode","eventStatus":"https:\/\/schema.org\/EventScheduled","startDate":"2026-05-02T13:00:00-04:00","endDate":"2026-05-02T16:30:00-04:00","location":{"@type":"Place","name":"Statue Georges-Etienne-Cartier rue Parc","description":"","url":"https:\/\/paju.org\/fr\/lieu\/statut-georges-etienne-cartier-rue-parc\/","address":{"@type":"PostalAddress","streetAddress":"4200 avenue du Parc","addressLocality":"Montr\u00e9al","addressRegion":"Qu\u00e9bec","addressCountry":"Canada"},"telephone":"","sameAs":""},"performer":"Organization"}}